{"id":9877,"date":"2025-06-03T16:53:10","date_gmt":"2025-06-03T16:53:10","guid":{"rendered":"https:\/\/www.esmualtea.com\/admitidos-escola-destiu-2025\/"},"modified":"2025-06-03T17:02:32","modified_gmt":"2025-06-03T17:02:32","slug":"admitidos-escola-destiu-2025","status":"publish","type":"post","link":"https:\/\/www.esmualtea.com\/va\/admitidos-escola-destiu-2025\/","title":{"rendered":"Admesos Escola d&#8217;Estiu 2025"},"content":{"rendered":"<div id=\"pl-9871\" class=\"panel-layout\">\n<div id=\"pg-9871-0\" class=\"panel-grid panel-no-style\">\n<div id=\"pgc-9871-0-0\" class=\"panel-grid-cell\" data-weight=\"1\">\n<div id=\"panel-9871-0-0-0\" class=\"so-panel widget widget_sow-button panel-first-child\" data-index=\"0\" data-style=\"{&quot;background_image_attachment&quot;:false,&quot;background_display&quot;:&quot;tile&quot;,&quot;background_image_size&quot;:&quot;full&quot;,&quot;background_image_opacity&quot;:&quot;100&quot;,&quot;border_thickness&quot;:&quot;1px&quot;}\"><div\n\t\t\t\n\t\t\tclass=\"so-widget-sow-button so-widget-sow-button-atom-66466acb9e12\"\n\t\t\t\n\t\t><div class=\"ow-button-base ow-button-align-center\"\n>\n\t\t\t<a\n\t\t\t\t\thref=\"http:\/\/esmualtea.com\/wp-content\/uploads\/2025\/06\/LLISTAT-ADMESOS-A-2025-06-03-ret.pdf\"\n\t\t\t\t\tclass=\"sowb-button ow-icon-placement-left ow-button-hover\" target=\"_blank\" rel=\"noopener noreferrer\" \t>\n\t\t<span>\n\t\t\t\n\t\t\tVER LISTADO ADMITIDOS\t\t<\/span>\n\t\t\t<\/a>\n\t<\/div>\n<\/div><\/div>\n<div id=\"panel-9871-0-0-1\" class=\"so-panel widget widget_text panel-last-child\" data-index=\"1\" data-style=\"{&quot;background_image_attachment&quot;:false,&quot;background_display&quot;:&quot;tile&quot;}\">\n<div class=\"textwidget\">\n<p>Els alumnes que no hagen fet inscripci\u00f3 abans del 31\/maig, per a con\u00e9ixer disponibilitat de pla\u00e7a, hauran de cursar <a href=\"http:\/\/www.esmualtea.com\/va\/verano\/\">matr\u00edcula<\/a> i rebran resposta.<\/p>\n<\/div>\n<\/div>\n<\/div>\n<\/div>\n<\/div>\n","protected":false},"excerpt":{"rendered":"<p>Els alumnes que no hagen fet inscripci\u00f3 abans del 31\/maig, per a con\u00e9ixer disponibilitat de pla\u00e7a, hauran de cursar matr\u00edcula i rebran resposta.<\/p>\n","protected":false},"author":1,"featured_media":9874,"comment_status":"open","ping_status":"open","sticky":false,"template":"","format":"standard","meta":{"footnotes":""},"categories":[60],"tags":[],"table_tags":[],"_links":{"self":[{"href":"https:\/\/www.esmualtea.com\/va\/wp-json\/wp\/v2\/posts\/9877"}],"collection":[{"href":"https:\/\/www.esmualtea.com\/va\/wp-json\/wp\/v2\/posts"}],"about":[{"href":"https:\/\/www.esmualtea.com\/va\/wp-json\/wp\/v2\/types\/post"}],"author":[{"embeddable":true,"href":"https:\/\/www.esmualtea.com\/va\/wp-json\/wp\/v2\/users\/1"}],"replies":[{"embeddable":true,"href":"https:\/\/www.esmualtea.com\/va\/wp-json\/wp\/v2\/comments?post=9877"}],"version-history":[{"count":2,"href":"https:\/\/www.esmualtea.com\/va\/wp-json\/wp\/v2\/posts\/9877\/revisions"}],"predecessor-version":[{"id":9879,"href":"https:\/\/www.esmualtea.com\/va\/wp-json\/wp\/v2\/posts\/9877\/revisions\/9879"}],"wp:featuredmedia":[{"embeddable":true,"href":"https:\/\/www.esmualtea.com\/va\/wp-json\/wp\/v2\/media\/9874"}],"wp:attachment":[{"href":"https:\/\/www.esmualtea.com\/va\/wp-json\/wp\/v2\/media?parent=9877"}],"wp:term":[{"taxonomy":"category","embeddable":true,"href":"https:\/\/www.esmualtea.com\/va\/wp-json\/wp\/v2\/categories?post=9877"},{"taxonomy":"post_tag","embeddable":true,"href":"https:\/\/www.esmualtea.com\/va\/wp-json\/wp\/v2\/tags?post=9877"},{"taxonomy":"table_tags","embeddable":true,"href":"https:\/\/www.esmualtea.com\/va\/wp-json\/wp\/v2\/table_tags?post=9877"}],"curies":[{"name":"wp","href":"https:\/\/api.w.org\/{rel}","templated":true}]}}