{"id":8497,"date":"2023-06-06T20:08:33","date_gmt":"2023-06-06T20:08:33","guid":{"rendered":"http:\/\/esmualtea.com\/lista-de-admitidos-as-en-la-escuela-de-verano-2023\/"},"modified":"2023-06-06T20:37:31","modified_gmt":"2023-06-06T20:37:31","slug":"lista-de-admitidos-as-en-la-escuela-de-verano-2023","status":"publish","type":"post","link":"https:\/\/www.esmualtea.com\/va\/lista-de-admitidos-as-en-la-escuela-de-verano-2023\/","title":{"rendered":"Llista d&#8217;admesos\/es en l&#8217;Escola d&#8217;Estiu 2023"},"content":{"rendered":"<div id=\"pl-8484\" class=\"panel-layout\">\n<div id=\"pg-8484-0\" class=\"panel-grid panel-no-style\">\n<div id=\"pgc-8484-0-0\" class=\"panel-grid-cell\" data-weight=\"1\">\n<div id=\"panel-8484-0-0-0\" class=\"so-panel widget widget_sow-button panel-first-child\" data-index=\"0\" data-style=\"{&quot;background_image_attachment&quot;:false,&quot;background_display&quot;:&quot;tile&quot;}\"><div\n\t\t\t\n\t\t\tclass=\"so-widget-sow-button so-widget-sow-button-atom-66466acb9e12\"\n\t\t\t\n\t\t><div class=\"ow-button-base ow-button-align-center\"\n>\n\t\t\t<a\n\t\t\t\t\thref=\"http:\/\/esmualtea.com\/wp-content\/uploads\/2023\/06\/LLISTAT-ADMESOS-A-2023-06-06-ret.pdf\"\n\t\t\t\t\tclass=\"sowb-button ow-icon-placement-left ow-button-hover\" target=\"_blank\" rel=\"noopener noreferrer\" \t>\n\t\t<span>\n\t\t\t\n\t\t\tVER LISTADO ADMITIDOS\t\t<\/span>\n\t\t\t<\/a>\n\t<\/div>\n<\/div><\/div>\n<div id=\"panel-8484-0-0-1\" class=\"so-panel widget widget_text panel-last-child\" data-index=\"1\" data-style=\"{&quot;background_image_attachment&quot;:false,&quot;background_display&quot;:&quot;tile&quot;}\">\n<div class=\"textwidget\">\n<p>.<br \/>\nEls alumnes que no hagen fet inscripci\u00f3 abans del 31\/maig, per a con\u00e9ixer disponibilitat de pla\u00e7a, hauran de cursar <a href=\"http:\/\/esmualtea.com\/va\/verano\/\">matr\u00edcula<\/a>\u00a0i rebran resposta.<\/p>\n<\/div>\n<\/div>\n<\/div>\n<\/div>\n<\/div>\n","protected":false},"excerpt":{"rendered":"<p>. Els alumnes que no hagen fet inscripci\u00f3 abans del 31\/maig, per a con\u00e9ixer disponibilitat de pla\u00e7a, hauran de cursar matr\u00edcula\u00a0i rebran resposta.<\/p>\n","protected":false},"author":1,"featured_media":8341,"comment_status":"open","ping_status":"open","sticky":false,"template":"","format":"standard","meta":{"footnotes":""},"categories":[61],"tags":[],"table_tags":[],"_links":{"self":[{"href":"https:\/\/www.esmualtea.com\/va\/wp-json\/wp\/v2\/posts\/8497"}],"collection":[{"href":"https:\/\/www.esmualtea.com\/va\/wp-json\/wp\/v2\/posts"}],"about":[{"href":"https:\/\/www.esmualtea.com\/va\/wp-json\/wp\/v2\/types\/post"}],"author":[{"embeddable":true,"href":"https:\/\/www.esmualtea.com\/va\/wp-json\/wp\/v2\/users\/1"}],"replies":[{"embeddable":true,"href":"https:\/\/www.esmualtea.com\/va\/wp-json\/wp\/v2\/comments?post=8497"}],"version-history":[{"count":2,"href":"https:\/\/www.esmualtea.com\/va\/wp-json\/wp\/v2\/posts\/8497\/revisions"}],"predecessor-version":[{"id":8499,"href":"https:\/\/www.esmualtea.com\/va\/wp-json\/wp\/v2\/posts\/8497\/revisions\/8499"}],"wp:featuredmedia":[{"embeddable":true,"href":"https:\/\/www.esmualtea.com\/va\/wp-json\/wp\/v2\/media\/8341"}],"wp:attachment":[{"href":"https:\/\/www.esmualtea.com\/va\/wp-json\/wp\/v2\/media?parent=8497"}],"wp:term":[{"taxonomy":"category","embeddable":true,"href":"https:\/\/www.esmualtea.com\/va\/wp-json\/wp\/v2\/categories?post=8497"},{"taxonomy":"post_tag","embeddable":true,"href":"https:\/\/www.esmualtea.com\/va\/wp-json\/wp\/v2\/tags?post=8497"},{"taxonomy":"table_tags","embeddable":true,"href":"https:\/\/www.esmualtea.com\/va\/wp-json\/wp\/v2\/table_tags?post=8497"}],"curies":[{"name":"wp","href":"https:\/\/api.w.org\/{rel}","templated":true}]}}